{"id":8636,"date":"2025-12-04T10:30:23","date_gmt":"2025-12-04T09:30:23","guid":{"rendered":"https:\/\/www.visitripatransone.it\/?p=8636"},"modified":"2025-12-04T10:46:56","modified_gmt":"2025-12-04T09:46:56","slug":"a-platform-for-change-mostra-laboratorio","status":"publish","type":"post","link":"https:\/\/www.visitripatransone.it\/en\/2025\/12\/04\/a-platform-for-change-mostra-laboratorio\/","title":{"rendered":"A PLATFORM FOR CHANGE \u2013 Mostra-laboratorio"},"content":{"rendered":"<p><div class=\"fusion-fullwidth fullwidth-box fusion-builder-row-1 fusion-flex-container nonhundred-percent-fullwidth non-hundred-percent-height-scrolling\" style=\"--awb-border-radius-top-left:0px;--awb-border-radius-top-right:0px;--awb-border-radius-bottom-right:0px;--awb-border-radius-bottom-left:0px;--awb-flex-wrap:wrap;\" ><div class=\"fusion-builder-row fusion-row fusion-flex-align-items-flex-start fusion-flex-content-wrap\" style=\"max-width:1331.2px;margin-left: calc(-4% \/ 2 );margin-right: calc(-4% \/ 2 );\"><div class=\"fusion-layout-column fusion_builder_column fusion-builder-column-0 fusion_builder_column_1_1 1_1 fusion-flex-column\" style=\"--awb-bg-blend:overlay;--awb-bg-size:cover;--awb-width-large:100%;--awb-margin-top-large:0px;--awb-spacing-right-large:1.92%;--awb-margin-bottom-large:0px;--awb-spacing-left-large:1.92%;--awb-width-medium:100%;--awb-spacing-right-medium:1.92%;--awb-spacing-left-medium:1.92%;--awb-width-small:100%;--awb-spacing-right-small:1.92%;--awb-spacing-left-small:1.92%;\"><div class=\"fusion-column-wrapper fusion-flex-justify-content-flex-start fusion-content-layout-column\"><div class=\"fusion-text fusion-text-1\"><p><b>Foyer del Teatro Luigi Mercantini \u2013 ore 11:30<\/b><\/p>\n<p>A PLATFORM FOR CHANGE \u00e8 una mostra-laboratorio, a cura di Farm Foundation ETS, pensata per sensibilizzare le comunit\u00e0 alla cura dei propri luoghi e delle tradizioni immateriali. L\u2019iniziativa non si presenta come una semplice esposizione, ma come un vero e proprio dispositivo di conoscenza e consapevolezza dedicato ai temi che rendono gli spazi pi\u00f9 vivibili, accoglienti e ricchi di senso.<\/p>\n<p>La mostra invita i visitatori a diventare parte attiva del cambiamento, stimolando il desiderio di partecipare alla vita collettiva e di contribuire al miglioramento del proprio contesto urbano e sociale. Attraverso incontri con ospiti, curatori e diversi strumenti digitali, A PLATFORM FOR CHANGE favorisce la nascita di una nuova comunit\u00e0 composta da cittadini provenienti da realt\u00e0 diverse, impegnati a condividere buone pratiche e a costruire, insieme, territori pi\u00f9 giusti, inclusivi e sostenibili.<\/p>\n<p><b>La mostra rester\u00e0 aperta con i seguenti orari: luned\u00ec\u2013domenica, 10:00\u201312:30 \/ 15:00\u201318:00.<br \/><\/b><span style=\"background-color: rgba(0, 0, 0, 0);\">Maggiori info e possibili variazioni sui canali Visit Ripatransone.<\/span><\/p>\n<\/div><\/div><\/div><\/div><\/div><div class=\"fusion-fullwidth fullwidth-box fusion-builder-row-2 fusion-flex-container has-pattern-background has-mask-background nonhundred-percent-fullwidth non-hundred-percent-height-scrolling\" style=\"--awb-border-radius-top-left:0px;--awb-border-radius-top-right:0px;--awb-border-radius-bottom-right:0px;--awb-border-radius-bottom-left:0px;--awb-flex-wrap:wrap;\" ><div class=\"fusion-builder-row fusion-row fusion-flex-align-items-flex-start fusion-flex-content-wrap\" style=\"max-width:1331.2px;margin-left: calc(-4% \/ 2 );margin-right: calc(-4% \/ 2 );\"><\/div><\/div><\/p>","protected":false},"excerpt":{"rendered":"","protected":false},"author":9,"featured_media":8639,"comment_status":"open","ping_status":"open","sticky":false,"template":"","format":"standard","meta":{"_monsterinsights_skip_tracking":false,"_monsterinsights_sitenote_active":false,"_monsterinsights_sitenote_note":"","_monsterinsights_sitenote_category":0,"footnotes":""},"categories":[3,1356],"tags":[],"class_list":["post-8636","post","type-post","status-publish","format-standard","has-post-thumbnail","hentry","category-eventi","category-rch-plurals-broaden-horizon"],"_links":{"self":[{"href":"https:\/\/www.visitripatransone.it\/en\/wp-json\/wp\/v2\/posts\/8636","targetHints":{"allow":["GET"]}}],"collection":[{"href":"https:\/\/www.visitripatransone.it\/en\/wp-json\/wp\/v2\/posts"}],"about":[{"href":"https:\/\/www.visitripatransone.it\/en\/wp-json\/wp\/v2\/types\/post"}],"author":[{"embeddable":true,"href":"https:\/\/www.visitripatransone.it\/en\/wp-json\/wp\/v2\/users\/9"}],"replies":[{"embeddable":true,"href":"https:\/\/www.visitripatransone.it\/en\/wp-json\/wp\/v2\/comments?post=8636"}],"version-history":[{"count":3,"href":"https:\/\/www.visitripatransone.it\/en\/wp-json\/wp\/v2\/posts\/8636\/revisions"}],"predecessor-version":[{"id":8640,"href":"https:\/\/www.visitripatransone.it\/en\/wp-json\/wp\/v2\/posts\/8636\/revisions\/8640"}],"wp:featuredmedia":[{"embeddable":true,"href":"https:\/\/www.visitripatransone.it\/en\/wp-json\/wp\/v2\/media\/8639"}],"wp:attachment":[{"href":"https:\/\/www.visitripatransone.it\/en\/wp-json\/wp\/v2\/media?parent=8636"}],"wp:term":[{"taxonomy":"category","embeddable":true,"href":"https:\/\/www.visitripatransone.it\/en\/wp-json\/wp\/v2\/categories?post=8636"},{"taxonomy":"post_tag","embeddable":true,"href":"https:\/\/www.visitripatransone.it\/en\/wp-json\/wp\/v2\/tags?post=8636"}],"curies":[{"name":"wp","href":"https:\/\/api.w.org\/{rel}","templated":true}]}}