{"id":8613,"date":"2025-10-20T10:25:37","date_gmt":"2025-10-20T08:25:37","guid":{"rendered":"https:\/\/www.visitripatransone.it\/?p=8613"},"modified":"2025-11-25T10:28:59","modified_gmt":"2025-11-25T09:28:59","slug":"partecip-azione-corale-corso-di-voci-bianche-6-16-anni","status":"publish","type":"post","link":"https:\/\/www.visitripatransone.it\/en\/2025\/10\/20\/partecip-azione-corale-corso-di-voci-bianche-6-16-anni\/","title":{"rendered":"Partecip-Azione Corale: Corso di Voci Bianche"},"content":{"rendered":"<p><div class=\"fusion-fullwidth fullwidth-box fusion-builder-row-1 fusion-flex-container nonhundred-percent-fullwidth non-hundred-percent-height-scrolling\" style=\"--awb-border-radius-top-left:0px;--awb-border-radius-top-right:0px;--awb-border-radius-bottom-right:0px;--awb-border-radius-bottom-left:0px;--awb-flex-wrap:wrap;\" ><div class=\"fusion-builder-row fusion-row fusion-flex-align-items-flex-start fusion-flex-content-wrap\" style=\"max-width:1331.2px;margin-left: calc(-4% \/ 2 );margin-right: calc(-4% \/ 2 );\"><div class=\"fusion-layout-column fusion_builder_column fusion-builder-column-0 fusion_builder_column_1_1 1_1 fusion-flex-column\" style=\"--awb-bg-blend:overlay;--awb-bg-size:cover;--awb-width-large:100%;--awb-margin-top-large:0px;--awb-spacing-right-large:1.92%;--awb-margin-bottom-large:0px;--awb-spacing-left-large:1.92%;--awb-width-medium:100%;--awb-spacing-right-medium:1.92%;--awb-spacing-left-medium:1.92%;--awb-width-small:100%;--awb-spacing-right-small:1.92%;--awb-spacing-left-small:1.92%;\"><div class=\"fusion-column-wrapper fusion-flex-justify-content-flex-start fusion-content-layout-column\"><div class=\"fusion-text fusion-text-1\"><p><span style=\"background-color: rgba(0, 0, 0, 0);\">Dal 25 ottobre 2025 al 21 febbraio 2026 l\u2019Associazione Corale \u201cMadonna di San Giovanni\u201d APS promuover\u00e0 a Ripatransone il Corso Corale di voci bianche (6-16 anni), attivit\u00e0 formativa inserita nell\u2019intervento Partecip-Azione Corale del progetto Ripatransone Community Hub (RCH) del Comune di Ripatransone.<\/span><\/p>\n<p>Il corso, rivolto agli alunni delle classi prime e seconde della scuola primaria dell\u2019Istituto Comprensivo Ripatransone\u2013Cupra Marittima, proporr\u00e0 un percorso di avvicinamento alla musica corale attraverso lo studio della tecnica vocale e l\u2019esplorazione di repertori diversi, sotto la direzione artistica e didattica del Maestro Federico Carboni.<\/p>\n<p><b><u>Contenuti del corso<br \/><\/u><\/b><span style=\"background-color: rgba(0, 0, 0, 0);\">Durante le lezioni i partecipanti approfondiranno:<br \/><\/span><span style=\"background-color: rgba(0, 0, 0, 0);\">&#8211; la tecnica dell\u2019emissione vocale;<br \/><\/span><span style=\"background-color: rgba(0, 0, 0, 0);\">&#8211; lo studio del repertorio proposto;<br \/><\/span><span style=\"background-color: rgba(0, 0, 0, 0);\">&#8211; elementi di didattica e metodologia corale applicata.<\/span><\/p>\n<p>Gli allievi avranno inoltre la possibilit\u00e0 di verificare il percorso svolto attraverso la preparazione e la concertazione di brani appartenenti a epoche e stili differenti.<\/p>\n<p>L\u2019Associazione metter\u00e0 a disposizione gli spartiti provenienti dalla propria Biblioteca Musicale.<\/p>\n<p><b><u>Concerto finale<\/u><br \/><\/b><b style=\"background-color: rgba(0, 0, 0, 0);\">Sabato 21 febbraio 2026 \u2013 ore 16.00<br \/><\/b><b style=\"background-color: rgba(0, 0, 0, 0);\">Teatro Luigi Mercantini \u2013 Ripatransone<\/b><\/p>\n<p>L\u2019appuntamento conclusivo permetter\u00e0 ai giovani coristi di condividere con famiglie e comunit\u00e0 il lavoro svolto durante i mesi di attivit\u00e0 e di ricevere il proprio attestato di partecipazione.<\/p>\n<p>Un progetto pensato per educare all\u2019ascolto, alla collaborazione e alla bellezza del canto corale, favorendo la crescita culturale e musicale delle nuove generazioni.<\/p>\n<\/div><\/div><\/div><\/div><\/div><div class=\"fusion-fullwidth fullwidth-box fusion-builder-row-2 fusion-flex-container has-pattern-background has-mask-background nonhundred-percent-fullwidth non-hundred-percent-height-scrolling\" style=\"--awb-border-radius-top-left:0px;--awb-border-radius-top-right:0px;--awb-border-radius-bottom-right:0px;--awb-border-radius-bottom-left:0px;--awb-flex-wrap:wrap;\" ><div class=\"fusion-builder-row fusion-row fusion-flex-align-items-flex-start fusion-flex-content-wrap\" style=\"max-width:1331.2px;margin-left: calc(-4% \/ 2 );margin-right: calc(-4% \/ 2 );\"><\/div><\/div><\/p>","protected":false},"excerpt":{"rendered":"","protected":false},"author":9,"featured_media":0,"comment_status":"open","ping_status":"open","sticky":false,"template":"","format":"standard","meta":{"_monsterinsights_skip_tracking":false,"_monsterinsights_sitenote_active":false,"_monsterinsights_sitenote_note":"","_monsterinsights_sitenote_category":0,"footnotes":""},"categories":[3,1354],"tags":[],"class_list":["post-8613","post","type-post","status-publish","format-standard","hentry","category-eventi","category-rch-partecip-azione-corale"],"_links":{"self":[{"href":"https:\/\/www.visitripatransone.it\/en\/wp-json\/wp\/v2\/posts\/8613","targetHints":{"allow":["GET"]}}],"collection":[{"href":"https:\/\/www.visitripatransone.it\/en\/wp-json\/wp\/v2\/posts"}],"about":[{"href":"https:\/\/www.visitripatransone.it\/en\/wp-json\/wp\/v2\/types\/post"}],"author":[{"embeddable":true,"href":"https:\/\/www.visitripatransone.it\/en\/wp-json\/wp\/v2\/users\/9"}],"replies":[{"embeddable":true,"href":"https:\/\/www.visitripatransone.it\/en\/wp-json\/wp\/v2\/comments?post=8613"}],"version-history":[{"count":6,"href":"https:\/\/www.visitripatransone.it\/en\/wp-json\/wp\/v2\/posts\/8613\/revisions"}],"predecessor-version":[{"id":8619,"href":"https:\/\/www.visitripatransone.it\/en\/wp-json\/wp\/v2\/posts\/8613\/revisions\/8619"}],"wp:attachment":[{"href":"https:\/\/www.visitripatransone.it\/en\/wp-json\/wp\/v2\/media?parent=8613"}],"wp:term":[{"taxonomy":"category","embeddable":true,"href":"https:\/\/www.visitripatransone.it\/en\/wp-json\/wp\/v2\/categories?post=8613"},{"taxonomy":"post_tag","embeddable":true,"href":"https:\/\/www.visitripatransone.it\/en\/wp-json\/wp\/v2\/tags?post=8613"}],"curies":[{"name":"wp","href":"https:\/\/api.w.org\/{rel}","templated":true}]}}