{"id":6478,"date":"2022-08-28T17:07:57","date_gmt":"2022-08-28T15:07:57","guid":{"rendered":"https:\/\/www.visitripatransone.it\/?p=6478"},"modified":"2022-08-29T17:34:52","modified_gmt":"2022-08-29T15:34:52","slug":"marchestorie-ripatransone-propugnaculum-piceni","status":"publish","type":"post","link":"https:\/\/www.visitripatransone.it\/en\/2022\/08\/28\/marchestorie-ripatransone-propugnaculum-piceni\/","title":{"rendered":"MArCHESTORIE &#8211; RIPATRANSONE: PROPUGNACULUM PICENI"},"content":{"rendered":"<div class=\"fusion-fullwidth fullwidth-box fusion-builder-row-1 fusion-flex-container nonhundred-percent-fullwidth non-hundred-percent-height-scrolling\" style=\"--awb-border-radius-top-left:0px;--awb-border-radius-top-right:0px;--awb-border-radius-bottom-right:0px;--awb-border-radius-bottom-left:0px;--awb-flex-wrap:wrap;\" ><div class=\"fusion-builder-row fusion-row fusion-flex-align-items-flex-start fusion-flex-content-wrap\" style=\"max-width:1331.2px;margin-left: calc(-4% \/ 2 );margin-right: calc(-4% \/ 2 );\"><div class=\"fusion-layout-column fusion_builder_column fusion-builder-column-0 fusion_builder_column_1_1 1_1 fusion-flex-column\" style=\"--awb-bg-size:cover;--awb-width-large:100%;--awb-margin-top-large:0px;--awb-spacing-right-large:1.92%;--awb-margin-bottom-large:0px;--awb-spacing-left-large:1.92%;--awb-width-medium:100%;--awb-spacing-right-medium:1.92%;--awb-spacing-left-medium:1.92%;--awb-width-small:100%;--awb-spacing-right-small:1.92%;--awb-spacing-left-small:1.92%;\"><div class=\"fusion-column-wrapper fusion-flex-justify-content-flex-start fusion-content-layout-column\"><div class=\"fusion-text fusion-text-1\"><p>\ud835\ude4d\ud835\ude44\ud835\ude4b\ud835\ude3c\ud835\ude4f\ud835\ude4d\ud835\ude3c\ud835\ude49\ud835\ude4e\ud835\ude4a\ud835\ude49\ud835\ude40: \ud835\ude4b\ud835\ude4d\ud835\ude4a\ud835\ude4b\ud835\ude50\ud835\ude42\ud835\ude49\ud835\ude3c\ud835\ude3e\ud835\ude50\ud835\ude47\ud835\ude50\ud835\ude48 \ud835\ude4b\ud835\ude44\ud835\ude3e\ud835\ude40\ud835\ude49\ud835\ude44 \u00a0\u201c\ud835\ude4e\ud835\ude69\ud835\ude64\ud835\ude67\ud835\ude5e\ud835\ude56 \ud835\ude62\ud835\ude5e\ud835\ude61\ud835\ude61\ud835\ude5a\ud835\ude63\ud835\ude56\ud835\ude67\ud835\ude5e\ud835\ude56 \ud835\ude69\ud835\ude67\ud835\ude56 \ud835\ude57\ud835\ude56\ud835\ude69\ud835\ude69\ud835\ude56\ud835\ude5c\ud835\ude61\ud835\ude5e\ud835\ude5a \ud835\ude5a \ud835\ude61\ud835\ude5a\ud835\ude5c\ud835\ude5c\ud835\ude5a\ud835\ude63\ud835\ude59\ud835\ude5a\u201d<\/p>\n<p>Dal 9 al 11 settembre 2022 , in occasione del <strong>Festival MARrCHESTORIE &#8211; Racconti &amp; tradizioni dai borghi in festa<\/strong> , il Belvedere del Piceno si immerger\u00e0 nelle magiche atmosfere medievali per rivivere episodi e leggende che hanno segnato il suo glorioso passato<\/p>\n<p>Il festival diffuso promosso dalla Regione Marche promuove e valorizza il patrimonio marchigiano attraverso i luoghi, le tradizioni, le specialit\u00e0 gastronomiche e il racconto di vicende millenarie.<\/p>\n<p>\ud835\ude4d\ud835\ude44\ud835\ude4b\ud835\ude3c\ud835\ude4f\ud835\ude4d\ud835\ude3c\ud835\ude49\ud835\ude4e\ud835\ude4a\ud835\ude49\ud835\ude40: \ud835\ude4b\ud835\ude4d\ud835\ude4a\ud835\ude4b\ud835\ude50\ud835\ude42\ud835\ude49\ud835\ude3c\ud835\ude3e\ud835\ude50\ud835\ude47\ud835\ude50\ud835\ude48 \ud835\ude4b\ud835\ude44\ud835\ude3e\ud835\ude40\ud835\ude49\ud835\ude44 \u201c\ud835\ude4e\ud835\ude69\ud835\ude64\ud835\ude67\ud835\ude5e\ud835\ude56 \ud835\ude62\ud835\ude5e\ud835\ude61\ud835\ude61\ud835\ude5a\ud835\ude63\ud835\ude56\ud835\ude67\ud835\ude5e\ud835\ude56 \ud835\ude69\ud835\ude67\ud835\ude56 \ud835\ude57\ud835\ude56\ud835\ude69\ud835\ude69\ud835\ude56\ud835\ude5c\ud835\ude61\ud835\ude5e\ud835\ude5a \ud835\ude5a \ud835\ude61\ud835\ude5a\ud835\ude5c\ud835\ude5c\ud835\ude5a\ud835\ude63\ud835\ude59\ud835\ude5a\u201d \u00e8 lo spettacolo principale delle tre giornate e mette in scena la battaglia di \u201cSanta Prisca&#8221;, evento accaduto il 18 gennaio del 1445 che vede Santoro Pucci, uomo d\u2019arme ripano, tra i suoi pi\u00f9 grandi protagonisti, respingendo lo Sforza sotto le mura cittadine nella zona detta \u201cLe Fonti\u201d, la stessa in cui si tiene lo spettacolo.<\/p>\n<p>I tre giorni dell\u2019evento si svolgeranno secondo il seguente programma:<\/p>\n<p>\ud835\udddc\ud835\udddf \ud835\udde9\ud835\udddc\ud835\udddf\ud835\udddf\ud835\uddd4\ud835\uddda\ud835\uddda\ud835\udddc\ud835\udde2 \ud835\uddd7\ud835\uddd8\ud835\udddf\ud835\udddf\ud835\uddd8 \ud835\uddd4\ud835\udde5\ud835\udde7\ud835\udddc \ud835\uddd8 \ud835\uddd7\ud835\uddd8\ud835\udddc \ud835\udde0\ud835\uddd8\ud835\udde6\ud835\udde7\ud835\udddc\ud835\uddd8\ud835\udde5\ud835\udddc &#8211; un&#8217;immersione di colori, suoni, odori e atmosfere dell&#8217;epoca medievale<\/p>\n<p>Nel <strong>Giardino ex ACLI<\/strong>, saranno allestiti laboratori di attivit\u00e0 del 1400 (lo scrivano, il banco sartoriale, l\u2019armaiolo, le armature, la scherma antica e il cibo medievale) dalle ore 17:00 alle 19:30. (INGRESSO LIBERO)<\/p>\n<p>\ud835\udde9\ud835\udddc\ud835\udde6\ud835\udddc\ud835\udde7\ud835\uddd8 \ud835\uddda\ud835\udde8\ud835\udddc\ud835\uddd7\ud835\uddd4\ud835\udde7\ud835\uddd8 \ud835\uddd7\ud835\uddd8\ud835\udddf \ud835\uddd5\ud835\udde2\ud835\udde5\ud835\uddda\ud835\udde2 \ud835\uddd6\ud835\udde2\ud835\udde1 \ud835\uddd4\ud835\udde1\ud835\udddc\ud835\udde0\ud835\uddd4\ud835\udded\ud835\udddc\ud835\udde2\ud835\udde1\ud835\udddc \ud835\udde6\ud835\udde7\ud835\udde2\ud835\udde5\ud835\udddc\ud835\uddd6\ud835\udddb\ud835\uddd8 \ud835\udddc\ud835\udde7\ud835\udddc\ud835\udde1\ud835\uddd8\ud835\udde5\ud835\uddd4\ud835\udde1\ud835\udde7\ud835\udddc<\/p>\n<p>Sar\u00e0 possibile prenotare visite guidate al borgo,<strong> disponibili su due turni &#8211; ore 17:00, ore 18:15<\/strong> &#8211; inviando un&#8217;email all&#8217;indirizzo \ud835\ude02\ud835\uddf3\ud835\uddf3\ud835\uddf6\ud835\uddf0\ud835\uddf6\ud835\uddfc\ud835\ude01\ud835\ude02\ud835\uddff\ud835\uddf6\ud835\ude00\ud835\uddfa\ud835\uddfc@\ud835\uddf0\ud835\uddfc\ud835\uddfa\ud835\ude02\ud835\uddfb\ud835\uddf2.\ud835\uddff\ud835\uddf6\ud835\uddfd\ud835\uddee\ud835\ude01\ud835\uddff\ud835\uddee\ud835\uddfb\ud835\ude00\ud835\uddfc\ud835\uddfb\ud835\uddf2.\ud835\uddee\ud835\uddfd.\ud835\uddf6\ud835\ude01, indicando il turno prescelto.<\/p>\n<p><strong>Il ritrovo \u00e8 presso IAT &#8211; Ufficio Turistico, Piazza XX Settembre, 16.<\/strong><\/p>\n<p>&nbsp;<\/p>\n<p>\ud835\udddf\ud835\uddd4 \ud835\udddf\ud835\uddd8\ud835\uddda\ud835\uddda\ud835\uddd8\ud835\udde1\ud835\uddd7\ud835\uddd4 \ud835\uddd7\ud835\uddd8\ud835\udddf \ud835\uddd7\ud835\udddc\ud835\uddd4\ud835\udde9\ud835\udde2\ud835\udddf\ud835\udde2 \ud835\uddd8 \ud835\uddd7\ud835\uddd8\ud835\udddf \ud835\udde9\ud835\uddd8\ud835\udde1\ud835\udde7\ud835\udde2 &#8211; Spettacolo di metateatro e aperitivo con tipicit\u00e0 enogastronomiche del territorio<\/p>\n<div class=\"vc_row wpb_row vc_inner vc_row-fluid\">\n<div class=\"wpb_column vc_column_container vc_col-sm-6 vc_col-lg-12 vc_col-md-12\">\n<div class=\"vc_column-inner\">\n<div class=\"wpb_wrapper\">\n<div class=\"wpb_text_column wpb_content_element\">\n<div class=\"wpb_wrapper\">\n<p>La leggenda de \u201cIl Diavolo e il Vento\u201d, una favola contemporanea che svela il motivo per cui in Piazza XX Settembre c\u2019\u00e8 un punto particolare, esattamente alla fine della salita che porta alla Piazza del Duomo, proprio davanti alla Chiesa di San Rocco, dove il vento non smette mai di soffiare, allargandosi poi per le due adiacenti piazze e il centro storico.<br \/>\nLa leggenda narra che proprio qui il Vento incontr\u00f2 il Diavolo che gli propose di andare a bere insieme un bicchiere di vino. Il Diavolo aveva per\u00f2 una faccenda da sbrigare in Municipio, quindi chiese al Vento di aspettarlo. Il Vento lo aspetta ancora oggi, invano, perch\u00e9 il Diavolo si \u00e8 trovato cos\u00ec bene a Palazzo che non si \u00e8 pi\u00f9 mosso da l\u00ec.<br \/>\nLo spettacolo condurr\u00e0 dunque lo spettatore attraverso lo scenario magico su cui si sviluppa il racconto.<\/p>\n<p><strong>Piazza XX Settembre, ore 20:00<\/strong><\/p>\n<p>&nbsp;<\/p>\n<\/div>\n<\/div>\n<\/div>\n<\/div>\n<\/div>\n<\/div>\n<p>\ud835\uddd4\ud835\udde1\ud835\udde1\ud835\udde2 \ud835\uddd7\ud835\udde2\ud835\udde0\ud835\udddc\ud835\udde1\ud835\udddc \ud835\udfed\ud835\udff0\ud835\udff0\ud835\udff1: \ud835\udddf\ud835\uddd4 \ud835\uddd5\ud835\uddd4\ud835\udde7\ud835\udde7\ud835\uddd4\ud835\uddda\ud835\udddf\ud835\udddc\ud835\uddd4 \ud835\uddd7\ud835\udddc \ud835\udde6\ud835\uddd4\ud835\udde1\ud835\udde7\ud835\uddd4 \ud835\udde3\ud835\udde5\ud835\udddc\ud835\udde6\ud835\uddd6\ud835\uddd4 &#8211; Spettacolo originale sullo schema della tragedia greca che racconta la liberazione del popolo ripano dal dominio sforzesco<\/p>\n<p>Lo spettacolo si strutturer\u00e0 secondo lo schema della tragedia greca, iniziando con un prologo dove verr\u00e0 introdotto il fatto, seguir\u00e0 l\u2019entrata in scena del coro che commenter\u00e0 con canti e danze ci\u00f2 che avviene sulla scena. Le parodoi, dove l\u2019azione scenica si svolger\u00e0 in 3 o pi\u00f9 episodi, saranno intervallati dagli stasimi, intermezzi in cui interverr\u00e0 il coro. Il tutto si concluder\u00e0 con l\u2019esodo.<\/p>\n<p><strong>Corte delle Fonti &#8211; Area antico lavatoio &#8211; ore 22:00<\/strong><\/p>\n<p>&nbsp;<\/p>\n<p>Gli spettacoli sono a pagamento e\u00a0\ud835\udddc \ud835\uddd5\ud835\udddc\ud835\uddda\ud835\udddf\ud835\udddc\ud835\uddd8\ud835\udde7\ud835\udde7\ud835\udddc \ud835\udde6\ud835\uddd4\ud835\udde5\ud835\uddd4\ud835\udde1\ud835\udde1\ud835\udde2 \ud835\udde3\ud835\udde5\ud835\uddd8\ud835\udde6\ud835\udde7\ud835\udde2 \ud835\uddd7\ud835\udddc\ud835\udde6\ud835\udde3\ud835\udde2\ud835\udde1\ud835\udddc\ud835\uddd5\ud835\udddc\ud835\udddf\ud835\udddc \ud835\udde6\ud835\udde8 <a href=\"https:\/\/www.ciaotickets.com\/?fbclid=IwAR3vAZ8IHHSq9JB4-buamnxx2BsWVUd0e8vy6GCgbGPleYL0Tz7zxkgzcRo\">https:\/\/www.ciaotickets.com\/<\/a><\/p>\n<p>\ud835\uddd5\ud835\uddf6\ud835\uddf4\ud835\uddf9\ud835\uddf6\ud835\uddf2\ud835\ude01\ud835\ude01\ud835\uddfc \ud835\ude02\ud835\uddfb\ud835\uddf6\ud835\uddf0\ud835\uddfc: \ud835\udfed\ud835\udfec\u20ac (valido per entrambi gli spettacoli) acquistabile online su\u00a0<a href=\"https:\/\/l.facebook.com\/l.php?u=https%3A%2F%2Fwww.ciaotickets.com%2F%3Ffbclid%3DIwAR2R0qNiAmdw-AT-gUfjUBiL7mLLgrhr2UD6z2S025V5NqNrq_wcoYRqDSA&amp;h=AT2ocgOgycQbFVnd9eVu15UQU9AvmWPeT_Y-scJxhWmLlvzg1Uh4Rmx2-7wbsk7aCHT866sfWAokdwE2oPAg5FAilqYKphVgolJ1n8JftR6pDkBmUoklGDVsuL3YKIYQXuRR3Us&amp;__tn__=q&amp;c%5b0%5d=AT1D8SK3QUI65nStlaxPZytTt06_zIZmwK80QZ20oEesdpKQP7rKxFjOut9fnl5emkSLeZA_LQZpG3SGaDUAEkjoWpUezwUXJJrh_1vne7nCn3PCk8FzKIDdOoG-mmdKWtix4fSnCg74SNr0mmPE-NSZ\">https:\/\/www.ciaotickets.com\/<\/a>\u00a0e in loco nei giorni dell&#8217;evento<\/p>\n<p>Ingresso libero per under 16 e over 70*, persone con disabilit\u00e0 e accompagnatori<\/p>\n<p>*(nati dopo il 01\/01\/2006 e prima del 31\/12\/1952)<\/p>\n<p>per maggiori info sul Festival MArCHESTORIE &#8211;\u00a0<a href=\"https:\/\/l.facebook.com\/l.php?u=http%3A%2F%2Fwww.marchestorie.it%2F%3Ffbclid%3DIwAR2reGVCz3s_mkwe975UD3FrGM8YyCl1NUznDmduaggqzfqqEo06XE-wvkI&amp;h=AT1zf_CxK3ekT6EkWpwqvr21FVhaymN1VR4NxeI2f-2c21ICiqOgQ_wrTvaRqNjDHTn6bhaOrn0P_HxCKiyQRkDJAbGWooKG6PDgwoh0B0XFdGRlBAkpHNXPC1Unv8dALn9zzF8&amp;__tn__=q&amp;c%5b0%5d=AT1D8SK3QUI65nStlaxPZytTt06_zIZmwK80QZ20oEesdpKQP7rKxFjOut9fnl5emkSLeZA_LQZpG3SGaDUAEkjoWpUezwUXJJrh_1vne7nCn3PCk8FzKIDdOoG-mmdKWtix4fSnCg74SNr0mmPE-NSZ\">www.marchestorie.it<\/a><\/p>\n<\/div><\/div><\/div><\/div><\/div>","protected":false},"excerpt":{"rendered":"","protected":false},"author":6,"featured_media":6461,"comment_status":"open","ping_status":"open","sticky":false,"template":"","format":"standard","meta":{"_monsterinsights_skip_tracking":false,"_monsterinsights_sitenote_active":false,"_monsterinsights_sitenote_note":"","_monsterinsights_sitenote_category":0,"footnotes":""},"categories":[3],"tags":[],"class_list":["post-6478","post","type-post","status-publish","format-standard","has-post-thumbnail","hentry","category-eventi"],"_links":{"self":[{"href":"https:\/\/www.visitripatransone.it\/en\/wp-json\/wp\/v2\/posts\/6478","targetHints":{"allow":["GET"]}}],"collection":[{"href":"https:\/\/www.visitripatransone.it\/en\/wp-json\/wp\/v2\/posts"}],"about":[{"href":"https:\/\/www.visitripatransone.it\/en\/wp-json\/wp\/v2\/types\/post"}],"author":[{"embeddable":true,"href":"https:\/\/www.visitripatransone.it\/en\/wp-json\/wp\/v2\/users\/6"}],"replies":[{"embeddable":true,"href":"https:\/\/www.visitripatransone.it\/en\/wp-json\/wp\/v2\/comments?post=6478"}],"version-history":[{"count":6,"href":"https:\/\/www.visitripatransone.it\/en\/wp-json\/wp\/v2\/posts\/6478\/revisions"}],"predecessor-version":[{"id":6484,"href":"https:\/\/www.visitripatransone.it\/en\/wp-json\/wp\/v2\/posts\/6478\/revisions\/6484"}],"wp:featuredmedia":[{"embeddable":true,"href":"https:\/\/www.visitripatransone.it\/en\/wp-json\/wp\/v2\/media\/6461"}],"wp:attachment":[{"href":"https:\/\/www.visitripatransone.it\/en\/wp-json\/wp\/v2\/media?parent=6478"}],"wp:term":[{"taxonomy":"category","embeddable":true,"href":"https:\/\/www.visitripatransone.it\/en\/wp-json\/wp\/v2\/categories?post=6478"},{"taxonomy":"post_tag","embeddable":true,"href":"https:\/\/www.visitripatransone.it\/en\/wp-json\/wp\/v2\/tags?post=6478"}],"curies":[{"name":"wp","href":"https:\/\/api.w.org\/{rel}","templated":true}]}}